[{"@context":"https:\/\/schema.org\/","@type":"Article","@id":"https:\/\/www.tomkar.cz\/promente-vas-balkon-na-zimni-zahradu\/#Article","mainEntityOfPage":"https:\/\/www.tomkar.cz\/promente-vas-balkon-na-zimni-zahradu\/","headline":"Prom\u011b\u0148te v\u00e1\u0161 balkon na zimn\u00ed zahradu","name":"Prom\u011b\u0148te v\u00e1\u0161 balkon na zimn\u00ed zahradu","description":"Revitalizace bytov\u00fdch dom\u016f zasahuje i do konstrukce balkon\u016f a lod\u017ei\u00ed. V domech, kde jsou tyto prostory chr\u00e1n\u011bny pouh\u00fdm ocelov\u00fdm z\u00e1bradl\u00edm, a po\u010d\u00edt\u00e1 se s t\u00edm, \u017ee v r\u00e1mci zateplov\u00e1n\u00ed fas\u00e1dy se bude z\u00e1bradl\u00ed likvidovat a nahrazovat nov\u00fdm, m\u00e1te jedine\u010dnou mo\u017enost<!--hoot-read-more-quicktag-->","datePublished":"2024-01-28","dateModified":"2024-03-16","author":{"@type":"Person","@id":"https:\/\/www.tomkar.cz\/author\/#Person","name":"tomkar.cz\n","url":"https:\/\/www.tomkar.cz\/author\/","identifier":1,"image":{"@type":"ImageObject","@id":"https:\/\/secure.gravatar.com\/avatar\/04053961f5a3d2af1f56d865c7fc774bb6a80b9754b2f4c57fa4f8cefa253bd4?s=96&d=mm&r=g","url":"https:\/\/secure.gravatar.com\/avatar\/04053961f5a3d2af1f56d865c7fc774bb6a80b9754b2f4c57fa4f8cefa253bd4?s=96&d=mm&r=g","height":96,"width":96}},"publisher":{"@type":"Organization","name":"tomkar.cz","logo":{"@type":"ImageObject","@id":"\/logo.png","url":"\/logo.png","width":600,"height":60}},"image":{"@type":"ImageObject","@id":"https:\/\/www.tomkar.cz\/wp-content\/uploads\/skyscraper-8173578_640_3.jpg","url":"https:\/\/www.tomkar.cz\/wp-content\/uploads\/skyscraper-8173578_640_3.jpg","height":0,"width":0},"url":"https:\/\/www.tomkar.cz\/promente-vas-balkon-na-zimni-zahradu\/","about":["Slu\u017eby"],"wordCount":430,"articleBody":"   Revitalizace bytov\u00fdch dom\u016f zasahuje i do konstrukce balkon\u016f a lod\u017ei\u00ed. V domech, kde jsou tyto prostory chr\u00e1n\u011bny pouh\u00fdm ocelov\u00fdm z\u00e1bradl\u00edm, a po\u010d\u00edt\u00e1 se s t\u00edm, \u017ee v r\u00e1mci zateplov\u00e1n\u00ed fas\u00e1dy se bude z\u00e1bradl\u00ed likvidovat a nahrazovat nov\u00fdm, m\u00e1te jedine\u010dnou mo\u017enost nam\u00edsto obdoby st\u00e1vaj\u00edc\u00edho \u0159e\u0161en\u00ed zm\u011bnit celou koncepci a vytvo\u0159it z va\u0161eho balkonu zimn\u00ed zahradu a letn\u00ed sklen\u00edk v jednom.Co t\u00edm m\u00e1me na mysli? Jestli\u017ee se oprost\u00edte od v\u00fdstavby klasick\u00e9ho ocelov\u00e9ho z\u00e1bradl\u00ed a d\u00e1te p\u0159ednost zasklen\u00ed balkonu \u010di lod\u017eie, z\u00edsk\u00e1te t\u00edm dv\u011b \u0159e\u0161en\u00ed obytn\u00e9ho prostoru v jednom. V zim\u011b se toto prost\u0159ed\u00ed zm\u011bn\u00ed v zimn\u00ed zahradu, proto\u017ee sklo funguje jako izolant, a d\u00edky tomu se tak\u00e9 zv\u00fd\u0161\u00ed teplota uvnit\u0159 &#8211; mnohdy a\u017e nad bod mrazu, a pokud se odhodl\u00e1te balkon alespo\u0148 m\u00edrn\u011b vyt\u00e1p\u011bt, m\u016f\u017eete tu celoro\u010dn\u011b p\u011bstovat vhodn\u00e9 druhy rostlin.Zimn\u00ed zahrada se pak koncem zimy a s p\u0159\u00edchodem jara za\u010dne postupn\u011b m\u011bnit na jarn\u00ed a letn\u00ed sklen\u00edk, s p\u0159ib\u00fdvaj\u00edc\u00edm n\u00e1r\u016fstem teplot tu pak m\u016f\u017eete \u00fasp\u011b\u0161n\u011b vyp\u011bstovat pelarg\u00f3nie \u010di pet\u00fanie a m\u00edt je nejen v p\u0159evisl\u00e9 podob\u011b z balkonu, ale i uvnit\u0159. Samoz\u0159ejm\u011b se tu d\u00e1 vyp\u011bstovat cokoli jin\u00e9ho, toto jsme uv\u00e1d\u011bli jen jako p\u0159\u00edklad.Z\u00e1bradl\u00ed na balkon je bezpe\u010dn\u00e9 \u2013 mo\u017en\u00e1 v\u00e1s napad\u00e1 ot\u00e1zka, co samotn\u00e9 sklo, z n\u011bho\u017e je z\u00e1bradl\u00ed i horn\u00ed z\u00e1st\u011bna zhotovena? Na ot\u00e1zku m\u00e1me v\u0161ak jednoduchou odpov\u011b\u010f \u2013 sklo je tvrzen\u00e9, s vnit\u0159n\u00ed f\u00f3li\u00ed, kter\u00e1 nedovol\u00ed, aby se rozbilo a vysypalo, a nav\u00edc st\u0159epy by nebyly ostr\u00e9, tak\u017ee byste se nezranili. Tvrzen\u00e1 skla jsou velmi pevn\u00e1 a hou\u017eevnat\u00e1 a p\u0159i b\u011b\u017en\u00e9m u\u017e\u00edv\u00e1n\u00ed jste na va\u0161em balkon\u011b v naprost\u00e9m  http:\/\/www.parlamentnilisty.cz\/arena\/monitor\/Rozklad-odpojena-cisla-a-boj-blaznu-Tady-je-CSSD-v-naprostem-rozkladu-491996 bezpe\u010d\u00ed.Z\u00e1bradl\u00ed na balkon v podob\u011b zasklen\u00ed m\u00e1 je\u0161t\u011b jednu z\u00e1sadn\u00ed v\u00fdhodu \u2013 m\u00e1te tu zaji\u0161t\u011bn\u00e9 perfektn\u00ed soukrom\u00ed. Spodn\u00ed \u010d\u00e1st z\u00e1bradl\u00ed \u010di prosklen\u00ed bude z ml\u00e9\u010dn\u00e9ho skla, skrze n\u011bj\u017e sice pronikne slune\u010dn\u00ed denn\u00ed sv\u011btlo, ale nebude na v\u00e1s vid\u011bt, t\u00edm p\u00e1dem si m\u016f\u017eete vz\u00edt na balkon t\u0159eba rozkl\u00e1dac\u00ed kempinkov\u00fd n\u00e1bytek.                                                                                                                                                                                                                                                                                                                                                                                                  "},{"@context":"https:\/\/schema.org\/","@type":"BreadcrumbList","itemListElement":[{"@type":"ListItem","position":1,"name":"Prom\u011b\u0148te v\u00e1\u0161 balkon na zimn\u00ed zahradu","item":"https:\/\/www.tomkar.cz\/promente-vas-balkon-na-zimni-zahradu\/#breadcrumbitem"}]}]