[{"@context":"https:\/\/schema.org\/","@type":"Article","@id":"https:\/\/www.tomkar.cz\/uzijte-si-podstatne-klidnejsi-a-levnejsi-dovolenou-v-cerne-hore\/#Article","mainEntityOfPage":"https:\/\/www.tomkar.cz\/uzijte-si-podstatne-klidnejsi-a-levnejsi-dovolenou-v-cerne-hore\/","headline":"U\u017eijte si podstatn\u011b klidn\u011bj\u0161\u00ed a levn\u011bj\u0161\u00ed dovolenou v \u010cern\u00e9 Ho\u0159e","name":"U\u017eijte si podstatn\u011b klidn\u011bj\u0161\u00ed a levn\u011bj\u0161\u00ed dovolenou v \u010cern\u00e9 Ho\u0159e","description":"Pon\u011bkud zapomenut\u00e1 destinace jenom dv\u011b stovky kilometr\u016f od Chorvatska \u2013 m\u016f\u017eete se sem vydat autokarem, autem, ale tak\u00e9 letecky. Nechte p\u0159epln\u011bn\u00e9 a drah\u00e9 Chorvatsko, kam jezd\u00ed jenom \u010ce\u0161i a Slov\u00e1ci, za z\u00e1dy a vydejte se je\u0161t\u011b o kousek ji\u017en\u011bji. \u010carn\u00e1<!--hoot-read-more-quicktag-->","datePublished":"2023-05-05","dateModified":"2023-05-05","author":{"@type":"Person","@id":"https:\/\/www.tomkar.cz\/author\/#Person","name":"tomkar.cz\n","url":"https:\/\/www.tomkar.cz\/author\/","identifier":1,"image":{"@type":"ImageObject","@id":"https:\/\/secure.gravatar.com\/avatar\/04053961f5a3d2af1f56d865c7fc774bb6a80b9754b2f4c57fa4f8cefa253bd4?s=96&d=mm&r=g","url":"https:\/\/secure.gravatar.com\/avatar\/04053961f5a3d2af1f56d865c7fc774bb6a80b9754b2f4c57fa4f8cefa253bd4?s=96&d=mm&r=g","height":96,"width":96}},"publisher":{"@type":"Organization","name":"tomkar.cz","logo":{"@type":"ImageObject","@id":"\/logo.png","url":"\/logo.png","width":600,"height":60}},"url":"https:\/\/www.tomkar.cz\/uzijte-si-podstatne-klidnejsi-a-levnejsi-dovolenou-v-cerne-hore\/","about":["Dovolen\u00e1"],"wordCount":417,"articleBody":"Pon\u011bkud zapomenut\u00e1 destinace jenom dv\u011b stovky kilometr\u016f od Chorvatska \u2013 m\u016f\u017eete se sem vydat autokarem, autem, ale tak\u00e9 letecky. Nechte p\u0159epln\u011bn\u00e9 a drah\u00e9 Chorvatsko, kam jezd\u00ed jenom \u010ce\u0161i a Slov\u00e1ci, za z\u00e1dy a vydejte se je\u0161t\u011b o kousek ji\u017en\u011bji. \u010carn\u00e1 Hora v\u00e1s uchv\u00e1t\u00ed svou ojedin\u011blou p\u0159\u00edrodou, ale hlavn\u011b klidem a o mnoho p\u0159\u00edzniv\u011bj\u0161\u00edmi cenami.&#13; &#13; \u00b7 Pro\u010d se \u010cern\u00e1 Hora jmenuje pr\u00e1v\u011b takhle? &#13; Sv\u016fj n\u00e1zev tento st\u00e1t z\u00edskal podle hor, kter\u00e9 po de\u0161ti nab\u00edraj\u00ed \u010dernou barvu. Toto poho\u0159\u00ed se jmenuje Lov\u010den a zdej\u0161\u00ed hory jsou p\u0159ekr\u00e1sn\u00fdm turistick\u00fdm z\u00e1\u017eitkem.&#13; &#13; Podgorica a Boka Kotorsk\u00e1 &#13; To jsou n\u00e1zvy dvou nejv\u011bt\u0161\u00edch a nejnav\u0161t\u011bvovan\u011bj\u0161\u00edch m\u011bst v t\u00e9to zemi. Prvn\u00ed jmenovan\u00e1 je hlavn\u00edm m\u011bstem, Boka je nejnav\u0161t\u011bvovan\u011bj\u0161\u00edm z\u00e1livem v cel\u00e9 zemi. Tato z\u00e1toka byla a\u017e do poloviny dvac\u00e1t\u00e9ho stolet\u00ed pova\u017eov\u00e1na za \u201enejji\u017en\u011bj\u0161\u00ed fjord\u201c, tedy poz\u016fstatek pevninsk\u00e9ho ledovce, kter\u00fd se zde rozkl\u00e1dal p\u0159i posledn\u00ed dob\u011b ledov\u00e9 asi deset tis\u00edc let p\u0159ed na\u0161\u00edm letopo\u010dtem. Ov\u0161em v\u011bdci zjistili, \u017ee pevninsk\u00fd ledovec sahal pouze na \u00fazem\u00ed \u010cesk\u00e9 republiky, kde jej zastavilo poho\u0159\u00ed. Tato z\u00e1toka vznikla zatopen\u00edm \u00fast\u00ed \u0159eky. Proto se zde nach\u00e1z\u00ed mnoho podvodn\u00edch skal a obl\u00e1zkov\u00fdch pl\u00e1\u017e\u00ed mezi skalami a divokou vegetac\u00ed.&#13; &#13; Seznam sv\u011btov\u00e9ho d\u011bdictv\u00ed UNESCO&#13; Boka Kotorsk\u00e1 je zasp\u00e1na na tomto presti\u017en\u00edm seznamu sv\u011btov\u00fdch pam\u00e1tek. M\u011bsto je hrazeno dlouh\u00fdm kamenn\u00fdm opevn\u011bn\u00edm a m\u011bsto je seskl\u00e1d\u00e1no z b\u00edl\u00fdch staveb s \u010derven\u00fdmi st\u0159echami, mezi nimi\u017e jsou pouze \u00fazk\u00e9 uli\u010dky.&#13; &#13; &#8211; Hrad sv. Jana &#13; Toto je jedna z nejnav\u0161t\u011bvovan\u011bj\u0161\u00edch pam\u00e1tek cel\u00e9 \u010cern\u00e9 hory. Je zn\u00ed n\u00e1dhern\u00fd v\u00fdhled na celou blankytnou z\u00e1toku.&#13; Vyd\u00e1te-li se zde v hlavn\u00ed sezon\u011b, je pravd\u011bpodobn\u00e9, \u017ee naraz\u00edte na karneval v ulic\u00edch. M\u016f\u017eete nav\u0161t\u00edvit m\u011bsto Budva, kde m\u016f\u017eete spojit historii s koup\u00e1n\u00edm. Pokud m\u00e1te r\u00e1di hudebn\u00ed festivaly, pot\u011b\u0161\u00ed v\u00e1s Budvandsk\u00e1 rivi\u00e9ra, zde se hraje muzika a pije pivo neust\u00e1le, a pokud budete m\u00edt \u0161t\u011bst\u00ed, zav\u00edt\u00e1 sem i n\u011bkter\u00fd ze zn\u00e1m\u00fdch sv\u011btov\u00fdch kapel \u2013 Aerosmith nebo Bon Jovi.&#13;                                                                                                                                                                                                                                                                                                                                                                                                 "},{"@context":"https:\/\/schema.org\/","@type":"BreadcrumbList","itemListElement":[{"@type":"ListItem","position":1,"name":"U\u017eijte si podstatn\u011b klidn\u011bj\u0161\u00ed a levn\u011bj\u0161\u00ed dovolenou v \u010cern\u00e9 Ho\u0159e","item":"https:\/\/www.tomkar.cz\/uzijte-si-podstatne-klidnejsi-a-levnejsi-dovolenou-v-cerne-hore\/#breadcrumbitem"}]}]